{"id":2565,"date":"2026-02-07T10:40:25","date_gmt":"2026-02-07T09:40:25","guid":{"rendered":"https:\/\/unpasdecote.asso.fr\/?p=2565"},"modified":"2026-04-29T11:43:08","modified_gmt":"2026-04-29T09:43:08","slug":"vite-il-est-trop-tard-cirque","status":"publish","type":"post","link":"https:\/\/unpasdecote.asso.fr\/index.php\/2026\/02\/07\/vite-il-est-trop-tard-cirque\/","title":{"rendered":"Vite il est trop tard 22 mai"},"content":{"rendered":"<p>Dans le cadre de son AG (18h45) Horizon Bocage propose le spectacle Vite il est trop tard de la cie du videur de sac.<\/p>\n<p>Vite, il est trop tard ! Cirque<br \/>\nContradiction ? C\u2019est ce qui arrive quand la vie dissone. Trop de questions, trop peu de r\u00e9ponses. Les contradictions se bousculent, rien ne colle. On tangue.<br \/>\n\u00c0 travers le fil de fer et l\u2019acrobatie, indign\u00e9 ou r\u00e9sign\u00e9, on navigue en nos troubles. Face \u00e0 la catastrophe, on essaie de trouver le geste juste, celui qui nous fera nous sentir \u00e0 notre place, d\u00e9termin\u00e9.e.s et vivant.e.s.<br \/>\nDebout sur son fil, cherchant ou errant, il n\u2019a qu\u2019une seule certitude : il faut tenir.<br \/>\n20h gratuit<\/p>\n","protected":false},"excerpt":{"rendered":"<p>Dans le cadre de son AG (18h45) Horizon Bocage propose le spectacle Vite il est trop tard de la cie du videur de sac. Vite, &hellip; <\/p>\n","protected":false},"author":1,"featured_media":2566,"comment_status":"closed","ping_status":"open","sticky":false,"template":"","format":"standard","meta":{"footnotes":""},"categories":[25],"tags":[],"class_list":["post-2565","post","type-post","status-publish","format-standard","has-post-thumbnail","hentry","category-saison-sous-chapiteau"],"_links":{"self":[{"href":"https:\/\/unpasdecote.asso.fr\/index.php\/wp-json\/wp\/v2\/posts\/2565","targetHints":{"allow":["GET"]}}],"collection":[{"href":"https:\/\/unpasdecote.asso.fr\/index.php\/wp-json\/wp\/v2\/posts"}],"about":[{"href":"https:\/\/unpasdecote.asso.fr\/index.php\/wp-json\/wp\/v2\/types\/post"}],"author":[{"embeddable":true,"href":"https:\/\/unpasdecote.asso.fr\/index.php\/wp-json\/wp\/v2\/users\/1"}],"replies":[{"embeddable":true,"href":"https:\/\/unpasdecote.asso.fr\/index.php\/wp-json\/wp\/v2\/comments?post=2565"}],"version-history":[{"count":3,"href":"https:\/\/unpasdecote.asso.fr\/index.php\/wp-json\/wp\/v2\/posts\/2565\/revisions"}],"predecessor-version":[{"id":2569,"href":"https:\/\/unpasdecote.asso.fr\/index.php\/wp-json\/wp\/v2\/posts\/2565\/revisions\/2569"}],"wp:featuredmedia":[{"embeddable":true,"href":"https:\/\/unpasdecote.asso.fr\/index.php\/wp-json\/wp\/v2\/media\/2566"}],"wp:attachment":[{"href":"https:\/\/unpasdecote.asso.fr\/index.php\/wp-json\/wp\/v2\/media?parent=2565"}],"wp:term":[{"taxonomy":"category","embeddable":true,"href":"https:\/\/unpasdecote.asso.fr\/index.php\/wp-json\/wp\/v2\/categories?post=2565"},{"taxonomy":"post_tag","embeddable":true,"href":"https:\/\/unpasdecote.asso.fr\/index.php\/wp-json\/wp\/v2\/tags?post=2565"}],"curies":[{"name":"wp","href":"https:\/\/api.w.org\/{rel}","templated":true}]}}